{"id":198,"date":"2026-03-10T16:53:33","date_gmt":"2026-03-10T13:53:33","guid":{"rendered":"https:\/\/bloggers.corumadakoleji.com\/?p=198"},"modified":"2026-03-10T17:08:44","modified_gmt":"2026-03-10T14:08:44","slug":"olabileceklere-dair","status":"publish","type":"post","link":"https:\/\/bloggers.corumadakoleji.com\/index.php\/2026\/03\/10\/olabileceklere-dair\/","title":{"rendered":"OLAB\u0130LECEKLERE DA\u0130R&#8230;"},"content":{"rendered":"<p>Unutman\u0131n m\u00fcmk\u00fcn olmad\u0131\u011f\u0131 bir gelecek nedir? D\u00fcnya bar\u0131\u015f\u0131, Gazze\u2019nin, Do\u011fu T\u00fcrkistan\u2019\u0131n zul\u00fcmden kurtulmas\u0131, i\u00e7 sava\u015flar\u0131n, kad\u0131n cinayetlerinin, pedofili insanlar\u0131n ellerini kollar\u0131n\u0131 sallaya sallaya gezmesinin \u00f6n\u00fcne ge\u00e7ilmesi, sonlanmas\u0131 falan m\u0131d\u0131r sizce? Hadi biraz ger\u00e7ek\u00e7i d\u00fc\u015f\u00fcnelim bunlar art\u0131k bir ilkokul \u00f6\u011frencisinin bile bu d\u00fcnyayla ilgili kurmayaca\u011f\u0131 hayaller, sonlanmas\u0131na dair umutlar\u0131n g\u00fcn ge\u00e7tik\u00e7e \u00e7\u00fcr\u00fct\u00fcld\u00fc\u011f\u00fc sorunlar. Ke\u015fke, ke\u015fke i\u00e7imizdeki umuda, insanlar\u0131n vicdan\u0131na ve adalete biraz daha g\u00fcvenimiz kalsayd\u0131; bizler ke\u015fke ba\u015fka devletlerin, toplumlar\u0131n ay\u0131plar\u0131n\u0131 k\u0131namaya y\u00fcz bulabilseydik ama ad\u0131 \u00fczerinde ke\u015fke i\u015fte.<\/p>\n<p>&nbsp;<\/p>\n<p>Benim unutulmas\u0131 m\u00fcmk\u00fcn olmayan gelecek hayalim b\u00fcy\u00fck \u00e7o\u011funlukla olumsuzlu\u011fa \u00e7\u0131k\u0131yor \u00e7\u00fcnk\u00fc sevdiklerimizi tek yanl\u0131\u015fta silebiliyoruz ya da zorunda kal\u0131yoruz bazen. Belki huy olarak belki kendi iyili\u011fimiz i\u00e7in yap\u0131yoruz bunu; akl\u0131m\u0131za dahi gelmiyor yap\u0131lan iyilikler, fedakarl\u0131klar, \u201cOlabilir, o hatal\u0131.\u201d diyoruz sadece olumsuza odaklan\u0131yoruz, unutmuyoruz\u2026\u0130\u015fte bu y\u00fczden benim unutulmas\u0131 m\u00fcmk\u00fcn olmayan gelecek anlay\u0131\u015f\u0131m art\u0131lar\u0131 olmas\u0131na ra\u011fmen \u00a0en sonunda olumsuza ula\u015f\u0131yor.<\/p>\n<p>&nbsp;<\/p>\n<p>\u015eu an ya\u015fl\u0131n\u0131n, gencin, \u00e7ocu\u011fun, bebe\u011fin dahi elinden d\u00fc\u015f\u00fcrmedi\u011fi telefonlar, tabletler var. Onlar \u00a0sanki bizim bir organ\u0131m\u0131z, sanki \u00f6l\u00fcmc\u00fcl bir hastal\u0131\u011f\u0131m\u0131z\u0131n ilac\u0131 gibi ya onunla ya hi\u00e7 diyor \u00f6zellikle gen\u00e7 nesil. B\u00fcy\u00fc\u011f\u00fcyle, k\u00fc\u00e7\u00fc\u011f\u00fcyle, akran\u0131yla, \u00f6\u011fretmeniyle konu\u015fmay\u0131, annesine babas\u0131na derdini anlatmay\u0131 bilmiyor; te\u015fekk\u00fcr etmeyi kavga etmeyi bilmiyor, sayg\u0131y\u0131 ve s\u0131n\u0131r\u0131 bilmiyor\u2026 Ve bizler teknoloji k\u00f6lesi ailelerin yeti\u015ftirdi\u011fi umursamaz \u00e7ocuklardan, e\u011fitim vermeyi bilmedi\u011fimiz \u00e7ocuklardan, belli durumdaki \u00fclkemizi gelecekte kurtarmalar\u0131n\u0131, temsil etmelerini, vatan, millet nedir \u00f6\u011fretmeyen \u201ce\u011fitimcilerle\u201d y\u00fcksek puanlarla ba\u015far\u0131l\u0131 olmalar\u0131n\u0131 bekliyoruz. Peki ya teknoloji bu kadar m\u0131 k\u00f6t\u00fc? Hi\u00e7 mi yarar\u0131 yok? Tabii ki var bunun en g\u00fcncel \u00f6rne\u011fi, g\u00fcn\u00fcm\u00fcz. Ben sadece herkesin \u00e7ok da fark\u0131nda olmad\u0131\u011f\u0131 birka\u00e7 sorundan bahsetmek istedim.<\/p>\n<p>&nbsp;<\/p>\n<p>D\u00fc\u015f\u00fcnsenize birden teknolojinin 50 y\u0131l geriledi\u011fini. Bir sabah uyan\u0131yorsunuz ve telefonunuz art\u0131k sadece bir k\u00fcl\u00fcst\u00fcr par\u00e7as\u0131, bluetooth kulakl\u0131klar\u0131n\u0131z art\u0131k bir i\u015fe yaram\u0131yor; m\u00fcziklerinizi plaklardan, kasetlerden, radyolardan dinliyorsunuz. Okula gidiyorsunuz ak\u0131ll\u0131 tahtan\u0131z, projeksiyonunuz \u00e7al\u0131\u015fm\u0131yor;\u00a0 t\u00fcm dersi tahtaya yazarak i\u015fliyorsunuz. Sosyal medyan\u0131zdan zaten bir haber art\u0131k g\u00fcndemi gazetelerden, siyah beyaz televizyonlardan, dergilerden takip ediyorsunuz\u2026 Okurken bile baz\u0131 ki\u015filerin i\u00e7inin darald\u0131\u011f\u0131n\u0131 tahmin edebiliyorum \u00e7\u00fcnk\u00fc al\u0131\u015ft\u0131\u011f\u0131m\u0131z hayata, ya\u015fam \u015feklimize uymuyor bu gelecek. Tahminlerimizde ya da hedeflerimizde geli\u015fmek, ilerlemek var. Kimse gittik\u00e7e gerileyen bir hayat\u0131 ya\u015famay\u0131 tercih etmez ama \u015funu unutmamak gerekir: Akacak kan damarda durmaz. Bu se\u00e7enek de bir gelecek tahmini ve her an ger\u00e7ekle\u015fmeye ba\u015flayabilir. Yapay zeka kontrolden \u00e7\u0131kabilir hatta belki insanlar\u0131n nezdinde de\u011ferini anlay\u0131p kendini bile yok edebilir. Bu seviyeye gelmek zaten epey bir vakit alm\u0131\u015fken yeniden yap\u0131lanmak belki de 50 y\u0131l \u00f6ncesini ya\u015famaya ve bizi o \u015fartlara adapte olmak zorunda b\u0131rakabilir.<\/p>\n<p>Bu sorunu sadece ki\u015fisel de\u011fil toplumsal olarak da d\u00fc\u015f\u00fcnmeliyiz \u0130HA`lar S\u0130HA`lar siber sald\u0131r\u0131 imkanlar\u0131, teknolojik belgeler saf d\u0131\u015f\u0131 kalabilir i\u00e7 sava\u015f, d\u0131\u015f sava\u015f \u00e7\u0131kabilir. \u0130nsanlar i\u015f, \u00f6\u011frenciler \u00f6dev yapamaz. \u00c7\u00fcnk\u00fc bizim al\u0131\u015ft\u0131\u011f\u0131m\u0131z hatta i\u00e7ine do\u011fdu\u011fumuz d\u00fcnya k\u00fct\u00fcphanelere gidip ansiklopedi ara\u015ft\u0131rmak ya da bir proje \u00f6devi i\u00e7in saatler harcamak de\u011fil, bizim hayat\u0131m\u0131zda h\u0131zl\u0131l\u0131k ve pratiklik ba\u015fta geliyor; \u00e7aba de\u011fil. Ama maalesef bu pratiklik bizi k\u00f6reltiyor ve akl\u0131m\u0131z\u0131 kullanmam\u0131z\u0131 engelliyor art\u0131k koca koca insanlar bile i\u015flemleri telefonlardan yap\u0131yorlar. Buna ek olarak hastal\u0131klar ve \u00f6l\u00fcmlerde artabilir teknolojik tedaviler, makineler i\u015flevsiz olaca\u011f\u0131 i\u00e7in hastanelerdeki i\u015flemler yava\u015flayacak tedavi s\u00fcreleri uzayacak. Baz\u0131 insanlar ya\u015fananlara dayanamayacak, bir \u00e7\u00f6z\u00fcm bulamayacak yani adapte olamayacak, depresyona girecek. Bir sorumlu arayacak, asile\u015fecek, toplum daha gergin bir hal alacak. Kim u\u011fra\u015fmadan \u00e7\u00f6z\u00fcme ula\u015fmak, \u00e7abas\u0131zca ba\u015far\u0131l\u0131 olmaktan vazge\u00e7sin ki? Kim neden daha fazla efor harcayaca\u011f\u0131 belki de kaybedece\u011fi bir hayat i\u00e7in u\u011fra\u015fmak istesin ki? \u0130\u015fte o zaman da do\u011fadaki gibi adaptasyon sa\u011flayan kazanacak sa\u011flayamayansa kaybedecek. Bu da sosyal olarak bir sava\u015f vermemizi gerektirecek. Bence bu pek de kolay olmayacak.<\/p>\n<p>&nbsp;<\/p>\n<p>\u0130\u015fte bu kadar, unutulmas\u0131 m\u00fcmk\u00fcn olmayan bir gelecek. Yar\u0131n ne olaca\u011f\u0131n\u0131 ne ben ne sizler ne de bir ba\u015fkas\u0131 bilebilir. Belki de \u00e7ok daha iyiye gidece\u011fiz, belki de ger\u00e7ekten sorunlar\u0131m\u0131z \u00e7\u00f6z\u00fclecek, adalete ve insana g\u00fcvenimiz olacak, belki de okullara sadece maa\u015f pe\u015finde, i\u015fini sevmeyen \u00f6\u011fretmenler de\u011fil de ya\u015fad\u0131\u011f\u0131 \u00fclkenin, bakt\u0131\u011f\u0131 bayra\u011f\u0131n, okudu\u011fu mar\u015f\u0131n hakk\u0131n\u0131 veren \u00f6\u011fretmenler bu de\u011ferleri emanet edebilece\u011fimiz bir nesil yeti\u015ftirecekler. G\u00fcn do\u011fmadan neler do\u011far demi\u015fler; neler do\u011faca\u011f\u0131n\u0131, neler olaca\u011f\u0131n\u0131 ya\u015fay\u0131p g\u00f6rece\u011fiz. Umar\u0131m ger\u00e7ekle\u015fecek olanlar, \u00fctopyalar\u0131m\u0131zd\u0131r.<\/p>\n<p>Naz \u00c7INAR<\/p>\n<p>9\/D<\/p>\n","protected":false},"excerpt":{"rendered":"<p>Unutman\u0131n m\u00fcmk\u00fcn olmad\u0131\u011f\u0131 bir gelecek nedir? D\u00fcnya bar\u0131\u015f\u0131, Gazze\u2019nin, Do\u011fu T\u00fcrkistan\u2019\u0131n zul\u00fcmden kurtulmas\u0131, i\u00e7 sava\u015flar\u0131n, kad\u0131n cinayetlerinin, pedofili insanlar\u0131n ellerini kollar\u0131n\u0131 sallaya sallaya gezmesinin \u00f6n\u00fcne [&#8230;]<\/p>\n","protected":false},"author":1,"featured_media":202,"comment_status":"closed","ping_status":"open","sticky":false,"template":"","format":"standard","meta":{"footnotes":""},"categories":[17,3,6,13,12],"tags":[],"class_list":["post-198","post","type-post","status-publish","format-standard","has-post-thumbnail","hentry","category-9-sinif","category-ada-koleji","category-bilim","category-cevre","category-edebiyat"],"_links":{"self":[{"href":"https:\/\/bloggers.corumadakoleji.com\/index.php\/wp-json\/wp\/v2\/posts\/198","targetHints":{"allow":["GET"]}}],"collection":[{"href":"https:\/\/bloggers.corumadakoleji.com\/index.php\/wp-json\/wp\/v2\/posts"}],"about":[{"href":"https:\/\/bloggers.corumadakoleji.com\/index.php\/wp-json\/wp\/v2\/types\/post"}],"author":[{"embeddable":true,"href":"https:\/\/bloggers.corumadakoleji.com\/index.php\/wp-json\/wp\/v2\/users\/1"}],"replies":[{"embeddable":true,"href":"https:\/\/bloggers.corumadakoleji.com\/index.php\/wp-json\/wp\/v2\/comments?post=198"}],"version-history":[{"count":1,"href":"https:\/\/bloggers.corumadakoleji.com\/index.php\/wp-json\/wp\/v2\/posts\/198\/revisions"}],"predecessor-version":[{"id":200,"href":"https:\/\/bloggers.corumadakoleji.com\/index.php\/wp-json\/wp\/v2\/posts\/198\/revisions\/200"}],"wp:featuredmedia":[{"embeddable":true,"href":"https:\/\/bloggers.corumadakoleji.com\/index.php\/wp-json\/wp\/v2\/media\/202"}],"wp:attachment":[{"href":"https:\/\/bloggers.corumadakoleji.com\/index.php\/wp-json\/wp\/v2\/media?parent=198"}],"wp:term":[{"taxonomy":"category","embeddable":true,"href":"https:\/\/bloggers.corumadakoleji.com\/index.php\/wp-json\/wp\/v2\/categories?post=198"},{"taxonomy":"post_tag","embeddable":true,"href":"https:\/\/bloggers.corumadakoleji.com\/index.php\/wp-json\/wp\/v2\/tags?post=198"}],"curies":[{"name":"wp","href":"https:\/\/api.w.org\/{rel}","templated":true}]}}