{"id":154,"date":"2025-12-20T15:41:53","date_gmt":"2025-12-20T12:41:53","guid":{"rendered":"https:\/\/bloggers.corumadakoleji.com\/?p=154"},"modified":"2025-12-20T15:46:45","modified_gmt":"2025-12-20T12:46:45","slug":"tarihi-bir-kisilik-olsaydim","status":"publish","type":"post","link":"https:\/\/bloggers.corumadakoleji.com\/index.php\/2025\/12\/20\/tarihi-bir-kisilik-olsaydim\/","title":{"rendered":"TAR\u0130H\u0130 B\u0130R K\u0130\u015e\u0130L\u0130K OLSAYDIM &#8230;"},"content":{"rendered":"<h1>Tarihi Bir Ki\u015filik Olsayd\u0131m<\/h1>\n<p>Tarihte bir ki\u015fi olma \u015fans\u0131m olsayd\u0131 kesinlikle \u0130smet \u0130n\u00f6n\u00fc olmak isterdim. \u00c7\u00fcnk\u00fc o, T\u00fcrkiye\u2019nin en zor d\u00f6nemlerinden birinde \u00fclkeyi y\u00f6netmi\u015f; hem sava\u015f meydanlar\u0131nda hem de siyasette b\u00fcy\u00fck i\u015fler ba\u015farm\u0131\u015f bir liderdir. Atat\u00fcrk\u2019\u00fcn en yak\u0131n yol arkada\u015flar\u0131ndan biri olan \u0130n\u00f6n\u00fc, \u00f6zellikle II. D\u00fcnya Sava\u015f\u0131 s\u0131ras\u0131nda T\u00fcrkiye\u2019yi sava\u015fa sokmayarak \u00e7ok \u00f6nemli bir karar alm\u0131\u015ft\u0131r. Bu karar sayesinde \u00fclkemiz sava\u015f\u0131n b\u00fcy\u00fck y\u0131k\u0131m\u0131ndan korunmu\u015f ve halk\u0131n can g\u00fcvenli\u011fi sa\u011flanm\u0131\u015ft\u0131r.<\/p>\n<p>Ben onun yerinde olsayd\u0131m ayn\u0131 \u015fekilde \u00fclkeyi sava\u015fa sokmazd\u0131m. Ancak o d\u00f6nemde ya\u015fanan baz\u0131 i\u00e7 politika uygulamalar\u0131na farkl\u0131 m\u00fcdahalelerde bulunmak isterdim. \u00d6zellikle 1942\u2019de uygulanan Varl\u0131k Vergisi\u2019ni de\u011fi\u015ftirirdim. Bu vergi, sava\u015f\u0131n getirdi\u011fi ekonomik zorluklar\u0131 a\u015fmak amac\u0131yla \u00e7\u0131kar\u0131lm\u0131\u015f olsa da uygulama bi\u00e7imi adaletsizlikler do\u011furmu\u015ftur. \u00d6zellikle gayrim\u00fcslim vatanda\u015flara daha a\u011f\u0131r vergiler y\u00fcklenmi\u015f ve bir\u00e7ok ki\u015fi b\u00fcy\u00fck maddi kay\u0131plar ya\u015fam\u0131\u015ft\u0131r. E\u011fer \u0130n\u00f6n\u00fc\u2019n\u00fcn yerine ge\u00e7seydim b\u00f6yle bir vergiyi daha adil ve e\u015fitlik\u00e7i bir bi\u00e7imde d\u00fczenlerdim. Vergilendirmeyi insanlar\u0131n dini veya etnik kimliklerine g\u00f6re de\u011fil, gelirleri ve maddi durumlar\u0131 g\u00f6z \u00f6n\u00fcnde bulundurarak yapard\u0131m. \u00c7\u00fcnk\u00fc devlet, vatanda\u015flar\u0131n\u0131 ay\u0131rmadan korumal\u0131 ve desteklemelidir. Bu olay\u0131n baz\u0131 vatanda\u015flarda devlete kar\u015f\u0131 g\u00fcven kayb\u0131 yaratt\u0131\u011f\u0131n\u0131 d\u00fc\u015f\u00fcn\u00fcyorum, e\u011fer m\u00fcdahale \u015fans\u0131m olsayd\u0131 ekonomik sorunlar\u0131 halk\u0131n g\u00fcvenini zedelemeyecek yollarla \u00e7\u00f6zmeye \u00e7al\u0131\u015f\u0131rd\u0131m.<\/p>\n<p>Ayr\u0131ca e\u011fitim alan\u0131nda daha \u00e7ok yat\u0131r\u0131m yapard\u0131m. E\u011fitimli bir toplum, \u00fclkesini daha iyi anlar ve daha sa\u011fl\u0131kl\u0131 kararlar verebilir. \u0130n\u00f6n\u00fc\u2019n\u00fcn yerinde olsayd\u0131m \u00f6zellikle k\u00f6ylerde e\u011fitimi geli\u015ftirmek i\u00e7in daha fazla \u00f6\u011fretmen yeti\u015ftirir, yeni okullar a\u00e7ar ve halk\u0131 bilin\u00e7lendirme \u00e7al\u0131\u015fmalar\u0131n\u0131 art\u0131r\u0131rd\u0131m.<\/p>\n<p>Sonu\u00e7 olarak\u00a0 \u0130smet \u0130n\u00f6n\u00fc gibi bir lider olmay\u0131 isterdim \u00e7\u00fcnk\u00fc o, zor kararlar alabilen ve \u00fclkesini d\u00fc\u015f\u00fcnen bir devlet adam\u0131yd\u0131. Ancak onun yerinde olsayd\u0131m Varl\u0131k Vergisi gibi adaletsiz sonu\u00e7lar do\u011furan uygulamalara m\u00fcdahale eder ve halk\u0131n yan\u0131nda olmay\u0131 tercih ederdim.<\/p>\n<p>&nbsp;<\/p>\n<p><strong>Burak YILDIRIM<\/strong><\/p>\n<p><strong>9\/A<\/strong><\/p>\n","protected":false},"excerpt":{"rendered":"<p>Tarihi Bir Ki\u015filik Olsayd\u0131m Tarihte bir ki\u015fi olma \u015fans\u0131m olsayd\u0131 kesinlikle \u0130smet \u0130n\u00f6n\u00fc olmak isterdim. \u00c7\u00fcnk\u00fc o, T\u00fcrkiye\u2019nin en zor d\u00f6nemlerinden birinde \u00fclkeyi y\u00f6netmi\u015f; hem [&#8230;]<\/p>\n","protected":false},"author":1,"featured_media":159,"comment_status":"closed","ping_status":"open","sticky":false,"template":"","format":"standard","meta":{"footnotes":""},"categories":[17,12,1,22],"tags":[],"class_list":["post-154","post","type-post","status-publish","format-standard","has-post-thumbnail","hentry","category-9-sinif","category-edebiyat","category-genel","category-tarih"],"_links":{"self":[{"href":"https:\/\/bloggers.corumadakoleji.com\/index.php\/wp-json\/wp\/v2\/posts\/154","targetHints":{"allow":["GET"]}}],"collection":[{"href":"https:\/\/bloggers.corumadakoleji.com\/index.php\/wp-json\/wp\/v2\/posts"}],"about":[{"href":"https:\/\/bloggers.corumadakoleji.com\/index.php\/wp-json\/wp\/v2\/types\/post"}],"author":[{"embeddable":true,"href":"https:\/\/bloggers.corumadakoleji.com\/index.php\/wp-json\/wp\/v2\/users\/1"}],"replies":[{"embeddable":true,"href":"https:\/\/bloggers.corumadakoleji.com\/index.php\/wp-json\/wp\/v2\/comments?post=154"}],"version-history":[{"count":4,"href":"https:\/\/bloggers.corumadakoleji.com\/index.php\/wp-json\/wp\/v2\/posts\/154\/revisions"}],"predecessor-version":[{"id":161,"href":"https:\/\/bloggers.corumadakoleji.com\/index.php\/wp-json\/wp\/v2\/posts\/154\/revisions\/161"}],"wp:featuredmedia":[{"embeddable":true,"href":"https:\/\/bloggers.corumadakoleji.com\/index.php\/wp-json\/wp\/v2\/media\/159"}],"wp:attachment":[{"href":"https:\/\/bloggers.corumadakoleji.com\/index.php\/wp-json\/wp\/v2\/media?parent=154"}],"wp:term":[{"taxonomy":"category","embeddable":true,"href":"https:\/\/bloggers.corumadakoleji.com\/index.php\/wp-json\/wp\/v2\/categories?post=154"},{"taxonomy":"post_tag","embeddable":true,"href":"https:\/\/bloggers.corumadakoleji.com\/index.php\/wp-json\/wp\/v2\/tags?post=154"}],"curies":[{"name":"wp","href":"https:\/\/api.w.org\/{rel}","templated":true}]}}