{"id":123,"date":"2025-10-18T13:28:43","date_gmt":"2025-10-18T10:28:43","guid":{"rendered":"https:\/\/bloggers.corumadakoleji.com\/?p=123"},"modified":"2025-10-18T13:28:43","modified_gmt":"2025-10-18T10:28:43","slug":"ben-tanrinin-kirbaci-attila","status":"publish","type":"post","link":"https:\/\/bloggers.corumadakoleji.com\/index.php\/2025\/10\/18\/ben-tanrinin-kirbaci-attila\/","title":{"rendered":"BEN TANRININ KIRBACI ATT\u0130LA"},"content":{"rendered":"<p>Ben \u00f6zellikle d\u00fc\u015fmanlar\u0131m taraf\u0131ndan an\u0131ld\u0131\u011f\u0131m ismimle Tanr\u0131\u2019n\u0131n K\u0131rbac\u0131 Attila Hun \u0130mparatorlu\u011fu\u2019nun M.S. 434-453 y\u0131llar\u0131 aras\u0131 h\u00fck\u00fcmdar\u0131y\u0131m. Babam Muncuk Han, e\u015flerim Kreka ve \u0130ldiko, \u00e7ocuklar\u0131m ise \u0130lek, Dengizik ve \u0130rek\u2019tir. Hun H\u00fck\u00fcmdarl\u0131\u011f\u0131na amcalar\u0131m Rua ve Bleda\u2019dan sonra ge\u00e7tim. H\u00fck\u00fcm s\u00fcrd\u00fc\u011f\u00fcm y\u0131llar boyunca en b\u00fcy\u00fck gayem imparatorlu\u011fumu geni\u015fletip b\u00fct\u00fcn topraklara hakim olmak oldu.<\/p>\n<p>H\u00fck\u00fcmdarl\u0131\u011f\u0131m\u0131n ilk y\u0131llar\u0131ndan itibaren amac\u0131m\u0131 ger\u00e7ekle\u015ftirmek ad\u0131na durmaks\u0131z\u0131n seferler d\u00fczenledim. Bat\u0131 ve Roma \u0130mparatorlu\u011fu, Pers \u0130mparatorlu\u011fu ba\u015fta olmak \u00fczere d\u00fcnyan\u0131n her b\u00f6lgesine sava\u015f a\u00e7t\u0131m ve t\u00fcm cihana korku sald\u0131m. Avrupa\u2019n\u0131n b\u00fcy\u00fck bir k\u0131sm\u0131n\u0131 ele ge\u00e7irdim, bir\u00e7ok yerini ise ya\u011fmalad\u0131m. Avrupal\u0131lar benim bu seferlerim ve ba\u015far\u0131lar\u0131m sonucu beni Tanr\u0131\u2019n\u0131n K\u0131rbac\u0131 olarak adland\u0131rd\u0131. Bizans seferim s\u0131ras\u0131nda Papa\u2019ya diz \u00e7\u00f6kt\u00fcrerek biad\u0131n\u0131 ald\u0131m. Ben ve benden sonra gelen soyumun devam\u0131 benim politikalar\u0131mla seferlere hanedanl\u0131\u011f\u0131m\u0131z y\u0131k\u0131lana kadar devam etti. H\u00fck\u00fcmdarl\u0131\u011f\u0131m s\u00fcresinde Avrupa hakimiyetini hep elimde tuttum. Vergiye ba\u011flad\u0131\u011f\u0131m topraklardan elde etti\u011fim gelirin \u00e7o\u011funlu\u011fuyla ordumu g\u00fc\u00e7lendirdim. D\u00f6nemin en g\u00fc\u00e7l\u00fc ve en donan\u0131ml\u0131 ordusuna sahiptim, bunu hem gelirin b\u00fcy\u00fck bir k\u0131sm\u0131n\u0131 orduya yat\u0131rmama hem de askerlerimin ge\u00e7ti\u011fi y\u00fczlerce zorlu e\u011fitime bor\u00e7luydum. Sava\u015flarla u\u011fra\u015ft\u0131\u011f\u0131m aylarda imparatorlu\u011fumun idaresini genelde \u00e7ocuklar\u0131mdan birisi ve e\u015flerime b\u0131rakt\u0131m, koydu\u011fum yasalar veya geleneklerimize uymak ben ve \u0131rkda\u015flar\u0131m i\u00e7in her zaman \u00e7ok \u00f6nemliydi. Bu y\u00fczden cezai yapt\u0131r\u0131mlar\u0131m\u0131z da \u00e7ok ciddiydi ve keskin kurallar uygulan\u0131yordu.<\/p>\n<p>Yurduma d\u00f6nd\u00fckten sonra Bizans taht\u0131na ge\u00e7en imparator Marcionus\u2019tan \u00f6denmeyen bor\u00e7lar\u0131 talep etmek i\u00e7in Konstantinapolis\u2019e yeni bir sald\u0131r\u0131 planlamaya ba\u015flad\u0131m. Ancak 453\u2019\u00fcn ba\u015flar\u0131nda beklenmedik bir \u015fekilde son nefesimi verdim. Gizli bir yerde s\u0131ras\u0131yla alt\u0131n, g\u00fcm\u00fc\u015f ve demirden olu\u015fan \u00fc\u00e7 adet tabut ile beraber topra\u011fa g\u00f6m\u00fcld\u00fcm. Beni defnetmek ile g\u00f6revli ki\u015filer mezar yerimin gizli tutulmas\u0131 ad\u0131na infaz edildi. Bu y\u00fczden mezar yerim hi\u00e7bir zaman bilinmedi. O\u011fullar\u0131m ben \u00f6ld\u00fckten sonra kendi i\u00e7lerinde ya\u015fad\u0131\u011f\u0131 karga\u015fa y\u00fcz\u00fcnden devlet idaresinde zaafiyet g\u00f6sterdi ve \u00e7\u0131kan halk ayaklanmalar\u0131 sonucu imparatorlu\u011fum \u00f6nce zay\u0131flad\u0131 sonra da y\u0131k\u0131ld\u0131.<\/p>\n<p>&nbsp;<\/p>\n<p><strong>ADI SOYADI :<\/strong> BATURAY K\u00d6\u015eKERLER<br \/>\n<strong>SINIFI :<\/strong> 9\/D<\/p>\n","protected":false},"excerpt":{"rendered":"<p>Ben \u00f6zellikle d\u00fc\u015fmanlar\u0131m taraf\u0131ndan an\u0131ld\u0131\u011f\u0131m ismimle Tanr\u0131\u2019n\u0131n K\u0131rbac\u0131 Attila Hun \u0130mparatorlu\u011fu\u2019nun M.S. 434-453 y\u0131llar\u0131 aras\u0131 h\u00fck\u00fcmdar\u0131y\u0131m. Babam Muncuk Han, e\u015flerim Kreka ve \u0130ldiko, \u00e7ocuklar\u0131m ise [&#8230;]<\/p>\n","protected":false},"author":1,"featured_media":124,"comment_status":"closed","ping_status":"open","sticky":false,"template":"","format":"standard","meta":{"footnotes":""},"categories":[17],"tags":[],"class_list":["post-123","post","type-post","status-publish","format-standard","has-post-thumbnail","hentry","category-9-sinif"],"_links":{"self":[{"href":"https:\/\/bloggers.corumadakoleji.com\/index.php\/wp-json\/wp\/v2\/posts\/123","targetHints":{"allow":["GET"]}}],"collection":[{"href":"https:\/\/bloggers.corumadakoleji.com\/index.php\/wp-json\/wp\/v2\/posts"}],"about":[{"href":"https:\/\/bloggers.corumadakoleji.com\/index.php\/wp-json\/wp\/v2\/types\/post"}],"author":[{"embeddable":true,"href":"https:\/\/bloggers.corumadakoleji.com\/index.php\/wp-json\/wp\/v2\/users\/1"}],"replies":[{"embeddable":true,"href":"https:\/\/bloggers.corumadakoleji.com\/index.php\/wp-json\/wp\/v2\/comments?post=123"}],"version-history":[{"count":1,"href":"https:\/\/bloggers.corumadakoleji.com\/index.php\/wp-json\/wp\/v2\/posts\/123\/revisions"}],"predecessor-version":[{"id":125,"href":"https:\/\/bloggers.corumadakoleji.com\/index.php\/wp-json\/wp\/v2\/posts\/123\/revisions\/125"}],"wp:featuredmedia":[{"embeddable":true,"href":"https:\/\/bloggers.corumadakoleji.com\/index.php\/wp-json\/wp\/v2\/media\/124"}],"wp:attachment":[{"href":"https:\/\/bloggers.corumadakoleji.com\/index.php\/wp-json\/wp\/v2\/media?parent=123"}],"wp:term":[{"taxonomy":"category","embeddable":true,"href":"https:\/\/bloggers.corumadakoleji.com\/index.php\/wp-json\/wp\/v2\/categories?post=123"},{"taxonomy":"post_tag","embeddable":true,"href":"https:\/\/bloggers.corumadakoleji.com\/index.php\/wp-json\/wp\/v2\/tags?post=123"}],"curies":[{"name":"wp","href":"https:\/\/api.w.org\/{rel}","templated":true}]}}