{"id":104,"date":"2025-03-01T14:18:08","date_gmt":"2025-03-01T11:18:08","guid":{"rendered":"https:\/\/bloggers.corumadakoleji.com\/?p=104"},"modified":"2025-03-01T14:18:08","modified_gmt":"2025-03-01T11:18:08","slug":"muallim-muallel-mehmet","status":"publish","type":"post","link":"https:\/\/bloggers.corumadakoleji.com\/index.php\/2025\/03\/01\/muallim-muallel-mehmet\/","title":{"rendered":"MUALL\u0130M\/MUALLEL MEHMET"},"content":{"rendered":"<p>&nbsp;<\/p>\n<p><strong>\u00a0Ben Mehmet. Hacer\u2019den do\u011fma, R\u0131za\u2019dan olma \u2018\u2019Muallel\u2019\u2019 Mehmet. \u015eevval\u2019in 9\u2019u 1295 gecesi Konya vilayetinin Aksaray sanca\u011f\u0131nda d\u00fcnyaya gelen Mehmet. Hayat\u0131 boyunca 1. Balkan Harbi\u2019ne dek pek \u00e7ok vilayette muallimlik yapan, harpte tek elini kaybedince k\u00f6yl\u00fcn\u00fcn muallimi muallel yap\u0131p seslendi\u011fi Mehmet. Peki, kimim ben de size kendimi sat\u0131rlarca tan\u0131t\u0131yorum? Osmanl\u0131\u2019da do\u011fup b\u00fcy\u00fcm\u00fc\u015f, milletine asilce hizmet etmi\u015f, yeri geldi\u011finde mektepte kalemiyle, yeri geldi\u011finde cephede s\u00fcng\u00fcs\u00fcyle vatan\u0131n\u0131 savunmu\u015f, Osmanl\u0131 tebaas\u0131ndan bir zat\u0131m.<br \/>\n<\/strong><\/p>\n<p><strong> Hayat\u0131m, vatan ve h\u00fcrriyet a\u015fk\u0131yla memleketi dola\u015fmakla ge\u00e7ti. \u00c7\u00fcnk\u00fc her tebaa gibi Osmanl\u0131 tebaas\u0131n\u0131n da \u00f6zg\u00fcr olmas\u0131 gerekti\u011fini ve bunun i\u00e7in buna engel olmak isteyen herkese dirayet g\u00f6stermek mecburiyetinde oldu\u011fum hakikatini Balkan Harbi y\u0131llar\u0131nda anlayabilmi\u015f bir vatanseverdim. Bu y\u00fczden muallimli\u011fin yan\u0131 s\u0131ra yurdun ve d\u00fcnyan\u0131n ayd\u0131nlar\u0131n\u0131 takip eder, \u00f6\u011frendi\u011fim her \u015feyi Osmanl\u0131\u2019n\u0131n bi\u00e7are durumda b\u0131rakt\u0131\u011f\u0131 yurdun her k\u00f6\u015fesinde gerekti\u011finde yazarak, gerekti\u011finde sokak sokak gezip meydanlarda ba\u011f\u0131rarak halk\u0131 bir olmaya, h\u00fcr olmaya, direnmeye, boyunduru\u011fu reddetmeye \u00e7a\u011f\u0131ran bir \u00f6\u011fretmendim. Fakat bu yolda hep ayn\u0131 engellere tak\u0131lmak, benim ve benim gibi d\u00fc\u015f\u00fcnenlerin kaderi olmu\u015f gibiydi o senelerde. <\/strong><\/p>\n<p><strong>Her kalabal\u0131kta ayn\u0131 sorular yank\u0131lan\u0131yor, meydanlar bu sorular\u0131n cevab\u0131n\u0131 arayan insanlarla dolup ta\u015f\u0131yordu. Kimin arkas\u0131ndan y\u00fcr\u00fcyecekti bu halk? Kim olacakt\u0131 bu h\u00fcrriyet m\u00fccadelesinin lideri? \u00dcstelik kolay de\u011fildi bu m\u00fccadeleye giri\u015fmek. Top gerekliydi, t\u00fcfek gerekliydi, g\u00fc\u00e7 gerekliydi\u2026 Evet, yurdun her k\u00f6\u015fesi i\u015fgal alt\u0131ndayd\u0131 lakin d\u00fc\u015fk\u00fcn durumdaki Anadolu halk\u0131 ne yapabilirdi ki? Ne g\u00fc\u00e7leri vard\u0131 ne de g\u00f6lgesine s\u0131\u011f\u0131nabilecekleri biri. D\u00fc\u015fman \u0130stanbul\u2019da cirit atarken Saray\u2019dan ses soluk \u00e7\u0131kmam\u0131\u015ft\u0131. Sultan\u2019\u0131n s\u00f6z ge\u00e7iremedi\u011fi yenilmez ordulara kim kar\u015f\u0131 \u00e7\u0131kabilirdi? Kimde vard\u0131 bu cesaret? <\/strong><\/p>\n<p><strong>\u00a0Halk t\u00fcm bunlarla bo\u011fu\u015furken bu u\u011fultuyu b\u0131\u00e7ak gibi kesen bir hadise ya\u015fand\u0131. Harbiyeden Mustafa Kemal isimli bir Pa\u015fa sanki komutas\u0131nda ordular, toplar, t\u00fcfekler varm\u0131\u015f gibi \u0130stanbul\u2019dan ayr\u0131l\u0131p denetim i\u00e7in geldi\u011fi Samsun\u2019da direni\u015fe ba\u015flad\u0131. Ne bir \u015f\u00fcphesi vard\u0131 m\u00fccadelesinden ne de endi\u015fe ediyordu can\u0131ndan. Samsun\u2019dan olmaz bu i\u015f diyerek Anadolu\u2019yu dola\u015fmaya ba\u015flad\u0131. \u00d6nce Havza\u2019ya gitti ve bir genelge yay\u0131mlad\u0131. Halka \u00fcmit a\u015f\u0131lad\u0131, durmad\u0131, Erzurum\u2019a gitti. Bir kongre d\u00fczenledi. Mandac\u0131lara kesinkes kar\u015f\u0131 \u00e7\u0131kt\u0131, h\u00fcrriyetin noksan de\u011fil tam olmas\u0131n\u0131n milletlere yak\u0131\u015ft\u0131\u011f\u0131n\u0131 duyurdu. Ard\u0131ndan Sivas\u2019a ge\u00e7ti. Yol \u00fcst\u00fcnde gizlice konakl\u0131yor, halk\u0131 m\u00fccadeleye \u00e7a\u011f\u0131r\u0131yor, okuldan arkada\u015flar\u0131yla ileti\u015fime ge\u00e7iyordu. <\/strong><\/p>\n<p><strong>O yenilmez, bile\u011fi b\u00fck\u00fclmez ordular\u0131n askerleri bir t\u00fcrl\u00fc ona ula\u015fam\u0131yordu. Sivas\u2019a vard\u0131\u011f\u0131nda Kaz\u0131m Karabekir ile bulu\u015ftu ve ortak hareket etmeye karar verdi. Ard\u0131ndan bir kongre daha d\u00fczenledi Sivas\u2019ta. Erzurum\u2019da al\u0131nan kararlar\u0131 geni\u015fletti ve yurdun tamam\u0131n\u0131 kapsar hale getirdi. Halk bu olaylarla silkelenmi\u015f, k\u00fcllerinden do\u011fma iste\u011fiyle bu mavi g\u00f6zl\u00fc kahraman\u0131n arkas\u0131nda bir olmaya ba\u015flam\u0131\u015ft\u0131. Kuvay\u0131milliye direni\u015fleri ba\u015flam\u0131\u015f; Mara\u015f\u2019tan S\u00fct\u00e7\u00fc \u0130mam\u2019\u0131n d\u00fc\u015fmana kur\u015fun s\u0131kmas\u0131yla yurdun her k\u00f6\u015fesinde silahl\u0131, silahs\u0131z m\u00fccadele ba\u015flam\u0131\u015ft\u0131. Derken benim bu sat\u0131rlar\u0131 tarihe not d\u00fc\u015fmeme sebep olan o ulu \u015fahsiyet Ankara\u2019ya gelece\u011fini duyurdu. Oray\u0131 se\u00e7mi\u015fti m\u00fccadelenin merkezi olarak. <\/strong><\/p>\n<p><strong>\u00a0Bu haberi al\u0131r almaz Ankara\u2019n\u0131n yolunu tuttum. Onu d\u00fcnya g\u00f6z\u00fcyle g\u00f6rmek istiyordum. Harp zaman\u0131yd\u0131, ne olaca\u011f\u0131 belli olmazd\u0131. Mutlak suretle Ankara\u2019da onu kar\u015f\u0131lamak ve benimle birlikte t\u00fcm milletin arkas\u0131nda oldu\u011funu ona hissettirmek istiyordum. O anda bulundu\u011fum b\u00f6lgeden Ankara\u2019ya ula\u015fmak zor olacakt\u0131. Yerel karakollar\u0131n \u00e7ekilmesiyle yollar e\u015fk\u0131ya kayn\u0131yordu. Lakin bunlar bana engel te\u015fkil edemezdi. Yedi sekiz g\u00fcnde Ankara\u2019ya ula\u015ft\u0131m. Orada mektep y\u0131llar\u0131ndan tan\u0131d\u0131k dostlar\u0131m beni kar\u015f\u0131lad\u0131lar, evlerinde a\u011f\u0131rlad\u0131lar. Kar\u015f\u0131lama vakti gelene dek birka\u00e7 g\u00fcn istirahat ettim. Nihayet vakit geldi\u011finde tren gar\u0131na vard\u0131k ve heyecanl\u0131 kalabal\u0131\u011f\u0131n aras\u0131na kar\u0131\u015ft\u0131k. Trenin g\u00fcr\u00fclt\u00fcl\u00fc sesinin duyulmas\u0131yla nefesler tutuldu. <\/strong><\/p>\n<p><strong>Trenden orta boylu, yak\u0131\u015f\u0131kl\u0131 ama sade giyimli, samimi bir g\u00fcl\u00fcmsemeyle kalabal\u0131\u011f\u0131 selamlayan biri indi. Herkes bu adam\u0131n Pa\u015fa oldu\u011funa o mavi g\u00f6zlerindeki bak\u0131\u015flardan emin olmu\u015ftu. Bu bak\u0131\u015flar, s\u0131radan birine ait olamazd\u0131. Duru\u015fundaki asalet bile g\u00fcven sa\u00e7\u0131yordu \u00e7evresine. Bir an i\u00e7in g\u00f6z g\u00f6ze geldik. \u0130\u00e7imden \u2018\u2019Arkanday\u0131z Pa\u015fam!\u2019\u2019 diye ba\u011f\u0131rmak geldi. \u00d6yle de yapt\u0131m. Benimle birlikte t\u00fcm Ankara ba\u011f\u0131rd\u0131: \u2018\u2019Arkanday\u0131z Pa\u015fam!\u2019\u2019 \u00d6ylesine g\u00fc\u00e7l\u00fcyd\u00fc ki bu ses, yurdun d\u00f6rt bir yan\u0131nda yank\u0131land\u0131. D\u00fc\u015fman\u0131n namert y\u00fcre\u011fini korku sard\u0131. <\/strong><\/p>\n<p><strong>\u00a0Bug\u00fcn bana bunlar\u0131 yazd\u0131ran Pa\u015fa\u2019n\u0131n bu m\u00fccadeleyi kazanana dek s\u00fcrd\u00fcrece\u011fine inanc\u0131m tam. T\u00fcrk\u2019\u00fcn istiklali yak\u0131nd\u0131r. Allah o g\u00fcnleri g\u00f6rmeyi bana nasip etsin. <\/strong><\/p>\n<p><strong>\u00a0\u00a0\u00a0\u00a0\u00a0\u00a0\u00a0\u00a0\u00a0\u00a0\u00a0\u00a0\u00a0\u00a0\u00a0\u00a0\u00a0\u00a0\u00a0\u00a0\u00a0\u00a0\u00a0\u00a0\u00a0\u00a0\u00a0\u00a0\u00a0\u00a0\u00a0\u00a0\u00a0\u00a0\u00a0\u00a0\u00a0\u00a0\u00a0\u00a0\u00a0\u00a0\u00a0\u00a0\u00a0\u00a0\u00a0\u00a0\u00a0\u00a0\u00a0\u00a0\u00a0\u00a0\u00a0\u00a0\u00a0\u00a0\u00a0\u00a0\u00a0\u00a0\u00a0\u00a0\u00a0\u00a0\u00a0\u00a0\u00a0\u00a0\u00a0\u00a0\u00a0\u00a0\u00a0\u00a0\u00a0\u00a0\u00a0\u00a0\u00a0\u00a0\u00a0\u00a0\u00a0\u00a0\u00a0\u00a0\u00a0\u00a0\u00a0\u00a0\u00a0\u00a0\u00a0\u00a0\u00a0\u00a0\u00a0\u00a0\u00a0\u00a0\u00a0\u00a0\u00a0\u00a0\u00a0\u00a0\u00a0\u00a0\u00a0\u00a0\u00a0\u00a0\u00a0\u00a0\u00a0\u00a0\u00a0\u00a0\u00a0\u00a0\u00a0\u00a0\u00a0\u00a0\u00a0\u00a0\u00a0\u00a0\u00a0\u00a0\u00a0\u00a0\u00a0\u00a0\u00a0\u00a0\u00a0\u00a0\u00a0\u00a0 <\/strong><\/p>\n<p style=\"text-align: left;\"><strong>27 ARALIK 1919<\/strong><\/p>\n<p style=\"text-align: left;\"><strong>MUALLEL MEHMET<\/strong><\/p>\n<p style=\"text-align: left;\"><strong>(ANIL TOK\u00d6Z 10\/E)<\/strong><\/p>\n<p>&nbsp;<\/p>\n<p>&nbsp;<\/p>\n","protected":false},"excerpt":{"rendered":"<p>&nbsp; \u00a0Ben Mehmet. Hacer\u2019den do\u011fma, R\u0131za\u2019dan olma \u2018\u2019Muallel\u2019\u2019 Mehmet. \u015eevval\u2019in 9\u2019u 1295 gecesi Konya vilayetinin Aksaray sanca\u011f\u0131nda d\u00fcnyaya gelen Mehmet. Hayat\u0131 boyunca 1. Balkan Harbi\u2019ne [&#8230;]<\/p>\n","protected":false},"author":1,"featured_media":105,"comment_status":"closed","ping_status":"open","sticky":false,"template":"","format":"standard","meta":{"footnotes":""},"categories":[18,12],"tags":[],"class_list":["post-104","post","type-post","status-publish","format-standard","has-post-thumbnail","hentry","category-10-sinif","category-edebiyat"],"_links":{"self":[{"href":"https:\/\/bloggers.corumadakoleji.com\/index.php\/wp-json\/wp\/v2\/posts\/104","targetHints":{"allow":["GET"]}}],"collection":[{"href":"https:\/\/bloggers.corumadakoleji.com\/index.php\/wp-json\/wp\/v2\/posts"}],"about":[{"href":"https:\/\/bloggers.corumadakoleji.com\/index.php\/wp-json\/wp\/v2\/types\/post"}],"author":[{"embeddable":true,"href":"https:\/\/bloggers.corumadakoleji.com\/index.php\/wp-json\/wp\/v2\/users\/1"}],"replies":[{"embeddable":true,"href":"https:\/\/bloggers.corumadakoleji.com\/index.php\/wp-json\/wp\/v2\/comments?post=104"}],"version-history":[{"count":1,"href":"https:\/\/bloggers.corumadakoleji.com\/index.php\/wp-json\/wp\/v2\/posts\/104\/revisions"}],"predecessor-version":[{"id":106,"href":"https:\/\/bloggers.corumadakoleji.com\/index.php\/wp-json\/wp\/v2\/posts\/104\/revisions\/106"}],"wp:featuredmedia":[{"embeddable":true,"href":"https:\/\/bloggers.corumadakoleji.com\/index.php\/wp-json\/wp\/v2\/media\/105"}],"wp:attachment":[{"href":"https:\/\/bloggers.corumadakoleji.com\/index.php\/wp-json\/wp\/v2\/media?parent=104"}],"wp:term":[{"taxonomy":"category","embeddable":true,"href":"https:\/\/bloggers.corumadakoleji.com\/index.php\/wp-json\/wp\/v2\/categories?post=104"},{"taxonomy":"post_tag","embeddable":true,"href":"https:\/\/bloggers.corumadakoleji.com\/index.php\/wp-json\/wp\/v2\/tags?post=104"}],"curies":[{"name":"wp","href":"https:\/\/api.w.org\/{rel}","templated":true}]}}